{"id":1115,"date":"2017-01-10T08:23:33","date_gmt":"2017-01-10T08:23:33","guid":{"rendered":"http:\/\/monika-hoegen.de\/EN\/?p=1115"},"modified":"2017-02-20T11:25:36","modified_gmt":"2017-02-20T11:25:36","slug":"brussels-corner-kindersoldaten","status":"publish","type":"post","link":"https:\/\/www.monika-hoegen.com\/de\/brussels-corner-kindersoldaten\/","title":{"rendered":"Kindersoldaten \u2013 Zwei ersch\u00fctternde Lebensgeschichten, die Mut machen"},"content":{"rendered":"<p>Es war eine dieser Veranstaltungen in Br\u00fcssel, die ein gr\u00f6\u00dferes Publikum verdient gehabt h\u00e4tten. Denn was Catalina und Manuel zu erz\u00e4hlen hatten, ersch\u00fctterte und beeindruckte. Obwohl gerade erst 19 und 20 Jahre alt, haben beide in ihrem Leben bereits Unfassbares gesehen \u2013 und getan. Tun m\u00fcssen. Catalina und Manuel sind ehemalige Kindersoldaten aus Kolumbien, von der FARC-Guerilla rekrutiert und mit Druck und Unterdr\u00fcckung mehrere Jahre zur Gewaltaus\u00fcbung gezwungen. Dabei f\u00fchlte sich alles am Anfang noch wie ein ganz neues, vielversprechendes Leben an. \u201eAls die Guerrilla in unser Dorf kam, ging ich mit. Ich dachte, das war wie ein Traum.\u201c Ein Traum, der sie von ihrer Familie und vor allem vom Vater wegbringen w\u00fcrde, der sie schwer misshandelte. Doch schon bald wird der Traum zum Alptraum, die t\u00e4gliche Gewalt, die sexuelle Ausbeutung der M\u00e4dchen durch die Soldaten \u2013 Catalina erlebt alles mit, unternimmt einen Selbstmordversuch. Schlie\u00dflich gelingt ihr die Flucht. Im Don Bosco Projekt in Medellin kann sie noch mal ganz neu anfangen. Hier gibt es Menschen, die sich liebevoll um sie und andere traumatisierte Kindersoldaten k\u00fcmmern. Sie erf\u00e4hrt zum ersten Mal, wie es ist, umarmt zu werden, macht eine Ausbildung, f\u00e4ngt an zu studieren. Ihre Geschichte \u00e4hnelt der von Manuel \u2013 erz\u00e4hlt werden beide in dem Film Alto el Fuego, den <strong><a href=\"http:\/\/donboscointernational.eu\/\" target=\"_blank\">Don Bosco International<\/a> <\/strong>zusammen mit den beiden jungen Leuten in Br\u00fcssel vorstellte. Trotz aller Tragik macht der beeindruckende Werdegang der beiden jungen Leute Mut: \u201eLa paz sale del corazon y no de la boca\u201c, sagt Catalina zum Schluss, \u201cFrieden kommt aus dem Herzen, nicht aus dem Mund\u201c. Ein Satz, der nicht oft genug wiederholt werden kann, angesichts des aktuell schwierigen Ringens um Frieden in Kolumbien \u2013 nach 50 Jahren B\u00fcrgerkrieg mit rund 260.000 Toten.<\/p>\n","protected":false},"excerpt":{"rendered":"<p>Es war eine dieser Veranstaltungen in Br\u00fcssel, die ein gr\u00f6\u00dferes Publikum verdient gehabt h\u00e4tten.<\/p>\n","protected":false},"author":1,"featured_media":1154,"comment_status":"closed","ping_status":"open","sticky":false,"template":"","format":"standard","meta":{"footnotes":""},"categories":[10,20],"tags":[],"class_list":["post-1115","post","type-post","status-publish","format-standard","has-post-thumbnail","hentry","category-blog","category-brussels-corner"],"_links":{"self":[{"href":"https:\/\/www.monika-hoegen.com\/de\/wp-json\/wp\/v2\/posts\/1115","targetHints":{"allow":["GET"]}}],"collection":[{"href":"https:\/\/www.monika-hoegen.com\/de\/wp-json\/wp\/v2\/posts"}],"about":[{"href":"https:\/\/www.monika-hoegen.com\/de\/wp-json\/wp\/v2\/types\/post"}],"author":[{"embeddable":true,"href":"https:\/\/www.monika-hoegen.com\/de\/wp-json\/wp\/v2\/users\/1"}],"replies":[{"embeddable":true,"href":"https:\/\/www.monika-hoegen.com\/de\/wp-json\/wp\/v2\/comments?post=1115"}],"version-history":[{"count":6,"href":"https:\/\/www.monika-hoegen.com\/de\/wp-json\/wp\/v2\/posts\/1115\/revisions"}],"predecessor-version":[{"id":1156,"href":"https:\/\/www.monika-hoegen.com\/de\/wp-json\/wp\/v2\/posts\/1115\/revisions\/1156"}],"wp:featuredmedia":[{"embeddable":true,"href":"https:\/\/www.monika-hoegen.com\/de\/wp-json\/wp\/v2\/media\/1154"}],"wp:attachment":[{"href":"https:\/\/www.monika-hoegen.com\/de\/wp-json\/wp\/v2\/media?parent=1115"}],"wp:term":[{"taxonomy":"category","embeddable":true,"href":"https:\/\/www.monika-hoegen.com\/de\/wp-json\/wp\/v2\/categories?post=1115"},{"taxonomy":"post_tag","embeddable":true,"href":"https:\/\/www.monika-hoegen.com\/de\/wp-json\/wp\/v2\/tags?post=1115"}],"curies":[{"name":"wp","href":"https:\/\/api.w.org\/{rel}","templated":true}]}}